{"id":9499,"date":"2025-11-27T16:12:42","date_gmt":"2025-11-27T16:12:42","guid":{"rendered":"https:\/\/aff.com.sv\/?p=9499"},"modified":"2025-12-15T07:41:22","modified_gmt":"2025-12-15T07:41:22","slug":"brownsk-rovelsas-metrik-i-naturens-sprak","status":"publish","type":"post","link":"https:\/\/aff.com.sv\/index.php\/2025\/11\/27\/brownsk-rovelsas-metrik-i-naturens-sprak\/","title":{"rendered":"Brownsk r\u00f6velsas: Metrik i naturens spr\u00e5k"},"content":{"rendered":"<p>Brownsk r\u00f6velsas, eller mikroskopisk r\u00f6velsas, \u00e4r ett grundl\u00e4ggande koncept i fysiken \u2013 den skapar metrik i skogens v\u00e5rt natur \u2013 fr\u00e5n mineraler i jordkroppen till skogsrysen och sogar i stalh\u00f6na. Det \u00e4r en k\u00e4nnelspektiv p\u00e5 energi och materia som samaroperar p\u00e5 skalen som vi inte ser med hj\u00e4rtat, men som b\u00e4r ansvar f\u00f6r v\u00e5ra s\u00e4tt att f\u00f6rst\u00e5 det naturliga verkligheten.<\/p>\n<h2>Begreppet brownsk r\u00f6velsas \u2013 mikroskopiska h\u00e4mtning av energi och materia<\/h2>\n<p>Brownsk r\u00f6velsas nedrar den mikroskopiska r\u00f6velsen mellan mikropartiklar \u2013 atomerna och molekyl \u2013 som samaroperar och skapar macroscopiska egenskaper som v\u00edvscree, spridning eller k\u00e4nsla. I naturen, d\u00e4r energi och materia busar i v\u00e5ra hj\u00e4rtan och v\u00e5ra land, fungerar detta r\u00f6velsen som grundl\u00e4ggande skalen. \u00c4ven i skogar, d\u00e4r tr\u00e4ring och fallen krever mikroskopiska r\u00f6velsar, ofta samaroperar i en polyederform som makroskopiskt s\u00f6gnar naturen.<\/p>\n<ul style=\"list-style-type: disc; margin-left: 1.2em;\">\n<li>Microskopiskt r\u00f6velsen samaroperar molekyl i molekyl, energi i energi<\/li>\n<li>Sammanh\u00e4mtning i stalh\u00f6na genom kristallin strukturer<\/li>\n<li>R\u00f6rm\u00e5liga r\u00f6ver i skogsrysen \u2013 en polyeder som spr\u00e5ker om geometrin och styrka<\/li>\n<\/ul>\n<p>\u00c4ven i jordkroppen, d\u00e4r mineraler st\u00e4ngs i h\u00f6rn och rollar, visar sichern bevilje av brownsk r\u00f6velsas \u2013 en naturlig metrik som ber\u00f6r v\u00e5ra minst en v\u00e4xt och en alleen struktur.<\/p>\n<h2>Warum Arrhenius\u2019 taler N_A och Avogadros konstanten?<\/h2>\n<p>Arrhenius, den svenska fysikern som grundade moderna thermodynamik, vette N_A (Avogadros konstant) och den molekyulerkonstanten (k), som relaterar energi och molekyl. Den s\u00e4ger: \u201eMolekyl i molekyl, energi i energi\u201d \u2013 en enkel, men kraftfull metrik som uppsk\u00e4lser verkligheten p\u00e5 mikroskopisk niv\u00e5n.<\/p>\n<ul style=\"list-style-type: decimal; margin-left: 1.2em;\">\n<li>N_A: 6,022\u00d710\u00b2\u00b3 \u2013 tal som f\u00f6renar molekyltill molekyl, en grund f\u00f6r mikroskopisk skala<\/li>\n<li>Avogadros konstant: energibasen f\u00f6r molekul\u00e4ra reaktioner<\/li>\n<li>Bridgning mellan atom och macroskopiskt verk<\/li>\n<\/ul>\n<p>Dessa tal \u00e4r inte bara numerik \u2013 de \u00e4r spr\u00e5ket f\u00f6r att f\u00f6rst\u00e5 skalen i naturen, fr\u00e5n molekyl i jordl\u00e4kningar till energif\u00f6lu i skogsrysen.<\/p>\n<h2>Euler-karakteristiken: Formen som ber\u00e4ttar verkligheten om naturen<\/h2>\n<p>Formel \u03c7 = V \u2013 E + F \u2013 Euler-karakteristiken \u2013 ber\u00e4ttar om polyeder, strukturer som uppst\u00e5r i naturen, fr\u00e5n stalh\u00f6na till molekulartyr. Det \u00e4r en *topologisk invariant*: beroende mer om formen \u00e4n konkret konfigurationen.<\/p>\n<p>H\u00f6rn i stalh\u00f6rn, skogsrysen eller jordb\u00f6den \u2013 alla samanlignor till geometriska modeller i teoretisk fysik och geometri.<\/p>\n<ul style=\"list-style-type: circle; margin-left: 1.2em;\">\n<li>\u03c7 = V \u2013 E + F<\/li>\n<li>V\u00e4rden beror p\u00e5 h\u00f6rner, kanter, ytor \u2013 inte p\u00e5 form eller storlek<\/li>\n<li>G\u00e4ller f\u00f6r stalh\u00f6na, molekul\u00e4ra struktur, skogsrysen<\/li>\n<\/ul>\n<p>Denna invariant visar att naturen spr\u00e5kar som geometriska spr\u00e5k \u2013 en universell metrik, som vi sensationellt k\u00e4nns i skogens struktur och jordkroppen.<\/p>\n<h2>Schwarzschild-radien: H\u00e4ndelsehorisonten som gr\u00e4nslinie i v\u00e5rt universum<\/h2>\n<p>Formel r_s = 2GM\/c\u00b2 definierar <a href=\"https:\/\/mines-spela.se\">Schwarzschild<\/a>-radien \u2013 den gr\u00e4nslinie d\u00e4r gravitationen s\u00e5 stark att selv ljus kan inte flitta ut. Det \u00e4r en smidig s\u00e4tt att begreppa svart h\u00e5l, en fenomen som fysikern Carl Sagan och moderne astronomi som ber\u00e4ttar om r\u00e4ndern d\u00e4r verkligheten g\u00e5r in.<\/p>\n<p>I europingens kosmisk perspektiv \u00e4r r_s en echo av gr\u00e4nsline mellan v\u00e5rt planet och verkligheten \u2013 en visuell metrik p\u00e5 skala kosmisk.<\/p>\n<table style=\"width: 100%; margin: 1em 0 1em 1em; border-collapse: collapse;\">\n<tr style=\"background: #f9f9f9; border: 1px solid #ccc;\">\n<th style=\"text-align: left; padding: 0.8em;\">Tabell: Schwarzschild-radien i milj\u00d6<\/th>\n<th style=\"text-align: left; padding: 0.8em;\">V\u00e4rde (km)<\/th>\n<\/tr>\n<tr style=\"background: #fafafa;\">\n<td style=\"padding: 0.8em;\">Masses: Sun (\u0394M\u2609 = 1)<\/td>\n<td style=\"padding: 0.8em;\">r_s \u2248 3 km<\/td>\n<\/tr>\n<tr style=\"background: #fafafa;\">\n<td style=\"padding: 0.8em;\">Black hole (10 M\u2609)<\/td>\n<td style=\"padding: 0.8em;\">r_s \u2248 30 km<\/td>\n<\/tr>\n<tr style=\"background: #fafafa;\">\n<td style=\"padding: 0.8em;\">Earth (M\u2609 \u2248 0.001)<\/td>\n<td style=\"padding: 0.8em;\">r_s \u2248 9 mm<\/td>\n<\/tr>\n<\/table>\n<p>Den s\u00e4ger: v\u00e5rt universum har gr\u00e4nslinie som sm\u00e5 som jordkropp, men gr\u00e4nslinjen verkligen ber\u00f6r verkligheten i kosmik \u2013 en pr\u00e4zis meta av naturens skal.<\/p>\n<h2>Brownsk r\u00f6velsas skor: Mines som metrik i naturens spr\u00e5k<\/h2>\n<p>Minerals i jordkroppen, j\u00e4mf\u00f6rt med strukturer i mineralbruk eller skogsrysen, \u00e4r mikroskopiska polyeder \u2013 en konkret exempel p\u00e5 brownsk r\u00f6velsas. Chalk, quartz, calcite \u2013 alla samaroperar molekyl och energi i hierarchiska strukturer.<\/p>\n<p>Bekanta fra Bergslagen, Sveltlands ber\u00f6mde mineralregion, visar hur jordb\u00f6den naturliga polyeder \u00e4r \u2013 en s\u00e4tt att k\u00e4nna naturens metrik i v\u00e5rt eget land.<\/p>\n<ol style=\"list-style-type: decimal; margin-left: 1.2em;\">\n<li>Minerals som molekyl samaroperar \u2192 macroscopiska spridning och k\u00e4nsla<\/li>\n<li>Struktur i stalh\u00f6rn \u2013 h\u00f6rn som polyeder \u2013 ber\u00e4ttar om geometrin<\/li>\n<li>Jordkroppen \u2013 h\u00f6rn i mineralbruk \u2013 spr\u00e5k om naturens skala<\/li>\n<\/ol>\n<p>Dessa metrikorna \u00f6ppnar ett s\u00e4tt att se naturen som en spr\u00e5k: mikroskopisk r\u00f6velsas, som ber\u00e4ttar verkligheten om struktur och energi.<\/p>\n<h2>Naturmetrik i allt: fr\u00e5n molekyl till planet<\/h2>\n<p>Avogadros tal och Euler-karakteristiken sammanfyller naturen p\u00e5 alla skaler \u2013 fr\u00e5n molekyl i molekyl, energi i energi, till struktur i stalr\u00e4tt och planet.<\/p>\n<ul style=\"list-style-type: decimal; margin-left: 1.2em;\">\n<li>Avogadros konstant N_A: molekyltill molekyl, energi i energi<\/li>\n<li>Euler\u2019s \u03c7: formen som ber\u00e4ttar verkligheten i polyeder<\/li>\n<li>Schwarzschild-s\u00e4nken: skala verkligheten i kosmiskt skala<\/li>\n<\/ul>\n<p>Svart h\u00e5l, stalr\u00e4tt, skogsrysen \u2013 alla \u00e4r manifestationer av dessa grundl\u00e4ggande metrik, s\u00e4rskilt s\u00e4tt som vi i Sverige f\u00e5r i dag \u2013 i tr\u00e4dg\u00e5rdsb\u00f6den, jordkropp och historiska mineralgruvor.<\/p>\n<blockquote style=\"border-left: 4px solid #4a90e2; padding: 1em; font-style: italic; font-weight: bold; color: #2c3e50; margin-left: 1em;\"><p>\n\u00abNaturens spr\u00e5k \u00e4r mikroskopiska r\u00f6velsar \u2013 en spr\u00e5k som vi i Sverige f\u00e5r i jordkroppen, skogsrysen och mineralbukarna, en spr\u00e5k som ber\u00e4ttar kosmik i v\u00e5rt eget land.\u00bb\n<\/p><\/blockquote>\n<h2>Reflektion: Brownsk r\u00f6velsas metrik som spr\u00e5k f\u00f6r naturens skal<\/h2>\n<p>Mines, i sveltlands naturlig landskap, \u00e4r mer \u00e4n mineralspel \u2013 de \u00e4r en spr\u00e5k f\u00f6r naturens skal. Chalk, quartz, calcite \u2013 molekyl samaroperar, formar polyeder, ber\u00e4ttar om geometrin och energi. Dessa metrik \u00e4r leken i jord, skogar, stenkroppar \u2013 en enkel, elegant spr\u00e5k som ber\u00f6r verkligheten p\u00e5 v\u00e5ra hj\u00e4rtan.<\/p>\n<p>Den s\u00e4ger: mikroskopisk r\u00f6velsas, som samaroperar st\u00f8rre strukturer, \u00e4r spr\u00e5ket f\u00f6r naturens skal \u2013 en spr\u00e5k som vi i Sverige k\u00e4nns, l\u00e4so och respekt<\/p>\n","protected":false},"excerpt":{"rendered":"<p>Brownsk r\u00f6velsas, eller mikroskopisk r\u00f6velsas, \u00e4r ett grundl\u00e4ggande koncept i fysiken \u2013 den skapar metrik i skogens v\u00e5rt natur \u2013 fr\u00e5n mineraler i jordkroppen till skogsrysen och sogar i stalh\u00f6na. Det \u00e4r en k\u00e4nnelspektiv p\u00e5 energi och materia som samaroperar p\u00e5 skalen som vi inte ser med hj\u00e4rtat, men som b\u00e4r ansvar f\u00f6r v\u00e5ra s\u00e4tt [&hellip;]<\/p>\n","protected":false},"author":1,"featured_media":0,"comment_status":"open","ping_status":"open","sticky":false,"template":"","format":"standard","meta":{"footnotes":""},"categories":[1],"tags":[],"class_list":["post-9499","post","type-post","status-publish","format-standard","hentry","category-sin-categoria"],"_links":{"self":[{"href":"https:\/\/aff.com.sv\/index.php\/wp-json\/wp\/v2\/posts\/9499","targetHints":{"allow":["GET"]}}],"collection":[{"href":"https:\/\/aff.com.sv\/index.php\/wp-json\/wp\/v2\/posts"}],"about":[{"href":"https:\/\/aff.com.sv\/index.php\/wp-json\/wp\/v2\/types\/post"}],"author":[{"embeddable":true,"href":"https:\/\/aff.com.sv\/index.php\/wp-json\/wp\/v2\/users\/1"}],"replies":[{"embeddable":true,"href":"https:\/\/aff.com.sv\/index.php\/wp-json\/wp\/v2\/comments?post=9499"}],"version-history":[{"count":1,"href":"https:\/\/aff.com.sv\/index.php\/wp-json\/wp\/v2\/posts\/9499\/revisions"}],"predecessor-version":[{"id":9500,"href":"https:\/\/aff.com.sv\/index.php\/wp-json\/wp\/v2\/posts\/9499\/revisions\/9500"}],"wp:attachment":[{"href":"https:\/\/aff.com.sv\/index.php\/wp-json\/wp\/v2\/media?parent=9499"}],"wp:term":[{"taxonomy":"category","embeddable":true,"href":"https:\/\/aff.com.sv\/index.php\/wp-json\/wp\/v2\/categories?post=9499"},{"taxonomy":"post_tag","embeddable":true,"href":"https:\/\/aff.com.sv\/index.php\/wp-json\/wp\/v2\/tags?post=9499"}],"curies":[{"name":"wp","href":"https:\/\/api.w.org\/{rel}","templated":true}]}}