{"id":3742,"date":"2025-01-27T16:30:36","date_gmt":"2025-01-27T16:30:36","guid":{"rendered":"https:\/\/aff.com.sv\/?p=3742"},"modified":"2025-10-28T05:57:22","modified_gmt":"2025-10-28T05:57:22","slug":"comment-la-perception-des-differences-influence-la-cohesion-d-un-groupe","status":"publish","type":"post","link":"https:\/\/aff.com.sv\/index.php\/2025\/01\/27\/comment-la-perception-des-differences-influence-la-cohesion-d-un-groupe\/","title":{"rendered":"Comment la perception des diff\u00e9rences influence la coh\u00e9sion d\u2019un groupe"},"content":{"rendered":"<div style=\"max-width: 900px; margin: 0 auto; font-family: Arial, Helvetica, sans-serif; line-height: 1.6; color: #34495e; font-size: 1.1em; padding: 20px;\">\n<p style=\"margin-bottom: 20px;\">Les dynamiques de groupe sont souvent fa\u00e7onn\u00e9es par la mani\u00e8re dont ses membres per\u00e7oivent et interpr\u00e8tent les diff\u00e9rences qui existent entre eux. Cette perception, qu&#8217;elle soit consciente ou inconsciente, joue un r\u00f4le d\u00e9terminant dans la construction ou la fragilisation de la coh\u00e9sion collective. Pour mieux comprendre cette influence, il est essentiel d&#8217;analyser comment les individus per\u00e7oivent ces diff\u00e9rences, quels biais peuvent intervenir et comment ces perceptions peuvent \u00e9voluer dans le temps. En s&#8217;appuyant sur le th\u00e8me <a href=\"https:\/\/www.jobzy.info\/hoe-kleine-verschillen-in-groepen-grote-gevolgen-kunnen-hebben\/\" style=\"color: #2980b9; text-decoration: none;\">\u00ab Hoe kleine verschillen in groepen grote gevolgen kunnen hebben \u00bb<\/a>, nous explorerons en profondeur ces m\u00e9canismes, afin d&#8217;en tirer des enseignements pour la gestion de groupes harmonieux et r\u00e9silients.<\/p>\n<h2 style=\"color: #2980b9; border-bottom: 2px solid #2980b9; padding-bottom: 8px;\">Table des mati\u00e8res<\/h2>\n<ul style=\"list-style-type: disc; padding-left: 20px; margin-bottom: 20px;\">\n<li style=\"margin-bottom: 8px;\"><a href=\"#comprendre-perception\" style=\"color: #2980b9; text-decoration: none;\">Comprendre la perception des diff\u00e9rences dans un groupe<\/a><\/li>\n<li style=\"margin-bottom: 8px;\"><a href=\"#cohesion-division\" style=\"color: #2980b9; text-decoration: none;\">La perception des diff\u00e9rences : un facteur de coh\u00e9sion ou de division ?<\/a><\/li>\n<li style=\"margin-bottom: 8px;\"><a href=\"#construction-identite\" style=\"color: #2980b9; text-decoration: none;\">La construction de l\u2019identit\u00e9 collective face aux diff\u00e9rences<\/a><\/li>\n<li style=\"margin-bottom: 8px;\"><a href=\"#dynamique-groupe\" style=\"color: #2980b9; text-decoration: none;\">Influence de la perception sur la dynamique de groupe<\/a><\/li>\n<li style=\"margin-bottom: 8px;\"><a href=\"#strategies\" style=\"color: #2980b9; text-decoration: none;\">Strat\u00e9gies pour g\u00e9rer positivement la perception des diff\u00e9rences<\/a><\/li>\n<li style=\"margin-bottom: 8px;\"><a href=\"#effets-long terme\" style=\"color: #2980b9; text-decoration: none;\">La perception des diff\u00e9rences et ses effets \u00e0 long terme sur la coh\u00e9sion<\/a><\/li>\n<li style=\"margin-bottom: 8px;\"><a href=\"#conclusion\" style=\"color: #2980b9; text-decoration: none;\">Retour au th\u00e8me parent : l\u2019importance d\u2019une perception \u00e9quilibr\u00e9e<\/a><\/li>\n<\/ul>\n<h2 id=\"comprendre-perception\" style=\"color: #2980b9; border-bottom: 2px solid #2980b9; padding-bottom: 8px;\">1. Comprendre la perception des diff\u00e9rences dans un groupe<\/h2>\n<h3 style=\"margin-top: 15px;\">a. Comment les membres per\u00e7oivent-ils les diff\u00e9rences ?<\/h3>\n<p style=\"margin-bottom: 20px;\">La perception des diff\u00e9rences commence souvent par une lecture subjective, influenc\u00e9e par l&#8217;exp\u00e9rience individuelle, le contexte culturel et social. Par exemple, dans un groupe de travailleurs francophones issus de r\u00e9gions diff\u00e9rentes, la perception des diff\u00e9rences culturelles peut varier consid\u00e9rablement. Certains peuvent les voir comme une richesse, d&#8217;autres comme une source de malentendus. Une \u00e9tude men\u00e9e en France montre que la sensibilit\u00e9 aux diff\u00e9rences culturelles d\u00e9pend largement de la capacit\u00e9 \u00e0 reconna\u00eetre et \u00e0 valoriser cette diversit\u00e9. La perception n&#8217;est pas inn\u00e9e, mais fa\u00e7onn\u00e9e par l&#8217;environnement et l&#8217;\u00e9ducation.<\/p>\n<h3 style=\"margin-top: 15px;\">b. Les st\u00e9r\u00e9otypes et leurs impacts sur la perception<\/h3>\n<p style=\"margin-bottom: 20px;\">Les st\u00e9r\u00e9otypes jouent un r\u00f4le majeur dans la perception des diff\u00e9rences. Ils simplifient et cat\u00e9gorisent rapidement les individus, mais peuvent aussi conduire \u00e0 des jugements biais\u00e9s. Par exemple, un st\u00e9r\u00e9otype selon lequel les jeunes g\u00e9n\u00e9rations seraient moins engag\u00e9es peut influencer la mani\u00e8re dont un leader per\u00e7oit leur contribution, cr\u00e9ant ainsi un cercle vicieux de malentendus. En contexte francophone, ces st\u00e9r\u00e9otypes peuvent aussi concerner des origines ethniques ou sociales, renfor\u00e7ant parfois des divisions non souhait\u00e9es. La cl\u00e9 r\u00e9side dans la prise de conscience de ces biais pour favoriser une perception plus \u00e9quilibr\u00e9e.<\/p>\n<h3 style=\"margin-top: 15px;\">c. La subjectivit\u00e9 de la perception et ses cons\u00e9quences<\/h3>\n<p style=\"margin-bottom: 20px;\">La perception \u00e9tant intrins\u00e8quement subjective, deux personnes peuvent voir la m\u00eame diff\u00e9rence de mani\u00e8re totalement diff\u00e9rente. Cela peut entra\u00eener des malentendus ou des conflits si ces perceptions ne sont pas discut\u00e9es ou comprises. Par exemple, dans une \u00e9quipe multiculturelle en France, un m\u00eame comportement peut \u00eatre interpr\u00e9t\u00e9 comme de l\u2019arrogance par certains et comme de la confiance en soi par d\u2019autres. La conscience de cette subjectivit\u00e9 est essentielle pour g\u00e9rer efficacement la dynamique de groupe.<\/p>\n<h2 id=\"cohesion-division\" style=\"color: #2980b9; border-bottom: 2px solid #2980b9; padding-bottom: 8px; margin-top: 30px;\">2. La perception des diff\u00e9rences : un facteur de coh\u00e9sion ou de division ?<\/h2>\n<h3 style=\"margin-top: 15px;\">a. Les diff\u00e9rences per\u00e7ues comme un catalyseur d\u2019unit\u00e9<\/h3>\n<p style=\"margin-bottom: 20px;\">Lorsque les membres d\u2019un groupe reconnaissent et valorisent leurs diff\u00e9rences, celles-ci peuvent devenir une source de force collective. Par exemple, dans des \u00e9quipes de recherche en France, la diversit\u00e9 des comp\u00e9tences et des parcours favorise l\u2019innovation et l\u2019adaptabilit\u00e9. La perception positive des diff\u00e9rences permet de cr\u00e9er un sentiment d\u2019appartenance renforc\u00e9, chaque individu se voyant comme un maillon essentiel \u00e0 la r\u00e9ussite commune. Cette dynamique favorise la coh\u00e9sion, \u00e0 condition que la perception soit orient\u00e9e vers l\u2019inclusion.<\/p>\n<h3 style=\"margin-top: 15px;\">b. Le r\u00f4le des biais cognitifs dans la perception des diff\u00e9rences<\/h3>\n<p style=\"margin-bottom: 20px;\">Les biais cognitifs, tels que le biais de confirmation ou l\u2019effet de halo, peuvent d\u00e9former la perception que nous avons des autres. En France, par exemple, le biais de confirmation peut amener \u00e0 privil\u00e9gier des informations qui confirment nos st\u00e9r\u00e9otypes, renfor\u00e7ant ainsi une perception erron\u00e9e. Cela peut conduire \u00e0 des exclusions ou \u00e0 des malentendus profonds, fragilisant la coh\u00e9sion du groupe. La sensibilisation \u00e0 ces biais est indispensable pour favoriser une perception plus objective et \u00e9quilibr\u00e9e.<\/p>\n<h3 style=\"margin-top: 15px;\">c. Quand la perception g\u00e9n\u00e8re des conflits ou des malentendus<\/h3>\n<p style=\"margin-bottom: 20px;\">Une perception d\u00e9form\u00e9e ou n\u00e9gative des diff\u00e9rences peut rapidement entra\u00eener des conflits. Par exemple, dans une entreprise francophone, une diff\u00e9rence de style de communication peut \u00eatre interpr\u00e9t\u00e9e comme un manque de respect ou d\u2019engagement, cr\u00e9ant des tensions inutiles. La communication ouverte et la clarification des perceptions sont alors essentielles pour d\u00e9samorcer ces malentendus et restaurer la coh\u00e9sion.<\/p>\n<h2 id=\"construction-identite\" style=\"color: #2980b9; border-bottom: 2px solid #2980b9; padding-bottom: 8px; margin-top: 30px;\">3. La construction de l\u2019identit\u00e9 collective face aux diff\u00e9rences<\/h2>\n<h3 style=\"margin-top: 15px;\">a. La fa\u00e7on dont les groupes int\u00e8grent ou excluent certains membres<\/h3>\n<p style=\"margin-bottom: 20px;\">L\u2019int\u00e9gration ou l\u2019exclusion d\u00e9pend souvent de la perception que le groupe a des diff\u00e9rences. Par exemple, dans des \u00e9coles en France, certains \u00e9l\u00e8ves issus de milieux minoritaires peuvent \u00eatre per\u00e7us comme \u00ab diff\u00e9rents \u00bb et, par cons\u00e9quent, parfois marginalis\u00e9s si la perception n\u2019est pas positive. La capacit\u00e9 du groupe \u00e0 reconna\u00eetre la valeur de la diversit\u00e9 influence directement la construction de l\u2019identit\u00e9 collective, en encourageant l\u2019inclusion plut\u00f4t que la segmentation.<\/p>\n<h3 style=\"margin-top: 15px;\">b. L\u2019impact de la perception sur le sentiment d\u2019appartenance<\/h3>\n<p style=\"margin-bottom: 20px;\">Une perception favorable des diff\u00e9rences renforce le sentiment d\u2019appartenance, alors qu\u2019une perception n\u00e9gative peut le fragiliser. En France, par exemple, des \u00e9quipes multiculturelles qui valorisent leurs diff\u00e9rences cr\u00e9ent un environnement o\u00f9 chaque membre se sent reconnu et respect\u00e9. \u00c0 l\u2019inverse, des perceptions st\u00e9r\u00e9otyp\u00e9es ou biais\u00e9es peuvent donner lieu \u00e0 un sentiment d\u2019ali\u00e9nation et de d\u00e9connexion. La perception joue donc un r\u00f4le central dans la coh\u00e9sion psychologique du groupe.<\/p>\n<h3 style=\"margin-top: 15px;\">c. La n\u00e9gociation de l\u2019identit\u00e9 face \u00e0 la diversit\u00e9 per\u00e7ue<\/h3>\n<p style=\"margin-bottom: 20px;\">L\u2019identit\u00e9 collective n\u2019est pas statique mais constamment n\u00e9goci\u00e9e, surtout dans un contexte de diversit\u00e9. Par exemple, en milieu professionnel en France, un groupe peut devoir red\u00e9finir ses valeurs et ses normes pour int\u00e9grer de nouvelles perspectives sans perdre son unit\u00e9. La perception de ces diff\u00e9rences, si elle est g\u00e9r\u00e9e positivement, permet d\u2019enrichir l\u2019identit\u00e9 commune plut\u00f4t que de la fragiliser.<\/p>\n<h2 id=\"dynamique-groupe\" style=\"color: #2980b9; border-bottom: 2px solid #2980b9; padding-bottom: 8px; margin-top: 30px;\">4. Influence de la perception sur la dynamique de groupe<\/h2>\n<h3 style=\"margin-top: 15px;\">a. Comment la perception fa\u00e7onne la communication et la collaboration<\/h3>\n<p style=\"margin-bottom: 20px;\">Une perception positive des diff\u00e9rences facilite la communication ouverte, la confiance et la collaboration. Par exemple, dans des projets collaboratifs en France, la reconnaissance des comp\u00e9tences vari\u00e9es permet \u00e0 chaque membre de contribuer pleinement, renfor\u00e7ant ainsi l\u2019efficacit\u00e9 collective. \u00c0 l\u2019inverse, la perception n\u00e9gative peut conduire \u00e0 des silences ou \u00e0 des conflits latents, nuisant \u00e0 la productivit\u00e9 et \u00e0 l\u2019harmonie.<\/p>\n<h3 style=\"margin-top: 15px;\">b. Le r\u00f4le des leaders dans la gestion des diff\u00e9rences per\u00e7ues<\/h3>\n<p style=\"margin-bottom: 20px;\">Les leaders jouent un r\u00f4le cl\u00e9 dans la gestion de ces perceptions. En France, des managers form\u00e9s \u00e0 la diversit\u00e9 peuvent transformer des diff\u00e9rences per\u00e7ues comme des obstacles en ressources. Par le biais de formations, de m\u00e9diations ou de communications adapt\u00e9es, ils peuvent orienter la perception vers l\u2019inclusion et la valorisation.<\/p>\n<h3 style=\"margin-top: 15px;\">c. Cas pratiques : exemples de groupes o\u00f9 la perception a renforc\u00e9 ou fragilis\u00e9 la coh\u00e9sion<\/h3>\n<table style=\"width: 100%; border-collapse: collapse; margin-top: 10px;\">\n<tr>\n<th style=\"border: 1px solid #bdc3c7; padding: 8px; background-color: #ecf0f1;\">Exemple<\/th>\n<th style=\"border: 1px solid #bdc3c7; padding: 8px; background-color: #ecf0f1;\">R\u00e9sultat<\/th>\n<\/tr>\n<tr>\n<td style=\"border: 1px solid #bdc3c7; padding: 8px;\">Une \u00e9quipe de R&amp;D en France valorise la diversit\u00e9 des profils, ce qui stimule l\u2019innovation.<\/td>\n<td style=\"border: 1px solid #bdc3c7; padding: 8px;\">Coh\u00e9sion renforc\u00e9e et projets innovants aboutis.<\/td>\n<\/tr>\n<tr>\n<td style=\"border: 1px solid #bdc3c7; padding: 8px;\">Une organisation o\u00f9 les diff\u00e9rences sont per\u00e7ues comme une source de conflit, sans gestion adapt\u00e9e.<\/td>\n<td style=\"border: 1px solid #bdc3c7; padding: 8px;\">Fragmentation du groupe, baisse de performance et malentendus fr\u00e9quents.<\/td>\n<\/tr>\n<\/table>\n<h2 id=\"strategies\" style=\"color: #2980b9; border-bottom: 2px solid #2980b9; padding-bottom: 8px; margin-top: 30px;\">5. Strat\u00e9gies pour g\u00e9rer positivement la perception des diff\u00e9rences<\/h2>\n<h3 style=\"margin-top: 15px;\">a. La sensibilisation et la formation \u00e0 la diversit\u00e9<\/h3>\n<p style=\"margin-bottom: 20px;\">Des programmes de formation en France, visant \u00e0 sensibiliser aux biais et \u00e0 valoriser la diversit\u00e9, ont prouv\u00e9 leur efficacit\u00e9. Ces initiatives permettent de d\u00e9velopper une conscience collective sur l\u2019importance de percevoir les diff\u00e9rences comme une richesse et non comme une menace. La formation continue contribue ainsi \u00e0 une perception plus \u00e9quilibr\u00e9e et \u00e0 une culture inclusive durable.<\/p>\n<h3 style=\"margin-top: 15px;\">b. La valorisation des diff\u00e9rences per\u00e7ues comme ressources<\/h3>\n<p style=\"margin-bottom: 20px;\">Mettre en avant les avantages de la diversit\u00e9, tels que la cr\u00e9ativit\u00e9, l\u2019adaptabilit\u00e9 ou la r\u00e9silience, permet de transformer la perception des diff\u00e9rences. Par exemple, dans le secteur de l\u2019humanitaire en France, la diversit\u00e9 des \u00e9quipes est pr\u00e9sent\u00e9e comme un atout strat\u00e9gique, am\u00e9liorant la capacit\u00e9 \u00e0 r\u00e9pondre aux enjeux vari\u00e9s.<\/p>\n<h3 style=\"margin-top: 15px;\">c. La m\u00e9diation et la r\u00e9solution de conflits li\u00e9s aux perceptions<\/h3>\n<p style=\"margin-bottom: 20px;\">Les m\u00e9diateurs form\u00e9s \u00e0 la gestion des conflits interculturels ou interpersonnels jouent un r\u00f4le crucial. En France, leur intervention permet souvent de d\u00e9samorcer des malentendus avant qu\u2019ils ne d\u00e9g\u00e9n\u00e8rent, en aidant les membres du groupe \u00e0 reformuler leurs perceptions et \u00e0 construire une compr\u00e9hension mutuelle.<\/p>\n<h2 id=\"effets-long terme\" style=\"color: #2980b9; border-bottom: 2px solid #2980b9; padding-bottom: 8px; margin-top: 30px;\">6. La perception des diff\u00e9rences et ses effets \u00e0 long terme sur la coh\u00e9sion<\/h2>\n<h3 style=\"margin-top: 15px;\">a. La persistance des perceptions et leur \u00e9volution<\/h3>\n<p style=\"margin-bottom: 20px;\">Les perceptions ne sont pas fig\u00e9es, mais \u00e9voluent avec l\u2019exp\u00e9rience et la communication. Une perception initiale n\u00e9gative peut devenir positive gr\u00e2ce \u00e0 des interactions r\u00e9p\u00e9t\u00e9es et \u00e0 une sensibilisation continue. En contexte fran\u00e7ais, la mise en place de programmes d\u2019inclusion favorise cette \u00e9volution, permettant aux groupes de s\u2019adapter et de renforcer leur coh\u00e9sion \u00e0 long terme.<\/p>\n<h3 style=\"margin-top: 15px;\">b. L\u2019impact sur la stabilit\u00e9 et la performance du groupe<\/h3>\n<p style=\"margin-bottom: 20px;\">Une perception saine et \u00e9quilibr\u00e9e des diff\u00e9rences contribue \u00e0 la stabilit\u00e9 du groupe et \u00e0 ses performances. Une \u00e9tude men\u00e9e dans le secteur public fran\u00e7ais montre que les administrations qui valorisent la diversit\u00e9 per\u00e7oivent moins de conflits et affichent une meilleure efficacit\u00e9 globale.<\/p>\n<h3 style=\"margin-top: 15px;\">c. La n\u00e9cessit\u00e9 d\u2019une perception saine pour un groupe r\u00e9silient<\/h3>\n<p style=\"margin-bottom: 20px;\">Une perception \u00e9quilibr\u00e9e et positive face aux diff\u00e9rences est fondamentale pour b\u00e2tir des groupes r\u00e9silients, capables de faire face aux d\u00e9fis. La r\u00e9silience repose notamment sur la capacit\u00e9 \u00e0 transformer les diff\u00e9rences per\u00e7ues en opportunit\u00e9s, ce qui n\u00e9cessite une conscience continue et une gestion proactive des perceptions.<\/p>\n<h2 id=\"conclusion\" style=\"color: #2980b9; border-bottom: 2px solid #2980b9; padding-bottom: 8px; margin-top: 30px;\">7. Retour au th\u00e8me parent : l\u2019importance d\u2019une perception \u00e9quilibr\u00e9e pour \u00e9viter des cons\u00e9quences n\u00e9gatives<\/h2>\n<p style=\"margin-bottom: 20px;\">En synth\u00e8se, la perception que nous avons des diff\u00e9rences influence profond\u00e9ment la coh\u00e9sion d\u2019un groupe. Une perception biais\u00e9e ou n\u00e9gative peut engendrer des divisions, des malentendus et des conflits, alors qu\u2019une perception \u00e9quilibr\u00e9e et valorisante favorise l\u2019inclusion, la confiance et la performance collective. La cl\u00e9 r\u00e9side dans la capacit\u00e9 \u00e0 d\u00e9velopper une conscience critique de nos biais, \u00e0 valoriser la diversit\u00e9 et \u00e0 promouvoir une communication ouverte. En adoptant ces strat\u00e9gies, il devient possible de pr\u00e9venir les risques li\u00e9s \u00e0 une perception d\u00e9form\u00e9e et de construire des groupes plus solides et r\u00e9silients.<\/p>\n<blockquote style=\"border-left: 4px solid #2980b9; padding-left: 10px; margin: 20px 0; font-style: italic; color: #7f8c8d;\"><p>Une perception saine des diff\u00e9rences est le socle d\u2019une coh\u00e9sion durable, permettant aux groupes de prosp\u00e9rer face aux d\u00e9fis de la diversit\u00e9.<\/p><\/blockquote>\n<p style=\"margin-bottom: 20px;\">Pour approfondir cette r\u00e9flexion, n\u2019h\u00e9sitez pas \u00e0 consulter l\u2019article \u00ab Hoe kleine verschillen in groepen grote gevolgen kunnen hebben \u00bb, qui offre une introduction solide \u00e0 l\u2019impact des petites diff\u00e9rences dans les groupes et \u00e0 l\u2019importance d\u2019une gestion attentive de la perception pour pr\u00e9server leur coh\u00e9sion.<\/p>\n<\/div>\n","protected":false},"excerpt":{"rendered":"<p>Les dynamiques de groupe sont souvent fa\u00e7onn\u00e9es par la mani\u00e8re dont ses membres per\u00e7oivent et interpr\u00e8tent les diff\u00e9rences qui existent [&hellip;]<\/p>\n","protected":false},"author":1,"featured_media":0,"comment_status":"open","ping_status":"open","sticky":false,"template":"","format":"standard","meta":{"site-sidebar-layout":"default","site-content-layout":"","ast-site-content-layout":"default","site-content-style":"default","site-sidebar-style":"default","ast-global-header-display":"","ast-banner-title-visibility":"","ast-main-header-display":"","ast-hfb-above-header-display":"","ast-hfb-below-header-display":"","ast-hfb-mobile-header-display":"","site-post-title":"","ast-breadcrumbs-content":"","ast-featured-img":"","footer-sml-layout":"","ast-disable-related-posts":"","theme-transparent-header-meta":"","adv-header-id-meta":"","stick-header-meta":"","header-above-stick-meta":"","header-main-stick-meta":"","header-below-stick-meta":"","astra-migrate-meta-layouts":"default","ast-page-background-enabled":"default","ast-page-background-meta":{"desktop":{"background-color":"var(--ast-global-color-5)","background-image":"","background-repeat":"repeat","background-position":"center center","background-size":"auto","background-attachment":"scroll","background-type":"","background-media":"","overlay-type":"","overlay-color":"","overlay-opacity":"","overlay-gradient":""},"tablet":{"background-color":"","background-image":"","background-repeat":"repeat","background-position":"center center","background-size":"auto","background-attachment":"scroll","background-type":"","background-media":"","overlay-type":"","overlay-color":"","overlay-opacity":"","overlay-gradient":""},"mobile":{"background-color":"","background-image":"","background-repeat":"repeat","background-position":"center center","background-size":"auto","background-attachment":"scroll","background-type":"","background-media":"","overlay-type":"","overlay-color":"","overlay-opacity":"","overlay-gradient":""}},"ast-content-background-meta":{"desktop":{"background-color":"var(--ast-global-color-4)","background-image":"","background-repeat":"repeat","background-position":"center center","background-size":"auto","background-attachment":"scroll","background-type":"","background-media":"","overlay-type":"","overlay-color":"","overlay-opacity":"","overlay-gradient":""},"tablet":{"background-color":"var(--ast-global-color-4)","background-image":"","background-repeat":"repeat","background-position":"center center","background-size":"auto","background-attachment":"scroll","background-type":"","background-media":"","overlay-type":"","overlay-color":"","overlay-opacity":"","overlay-gradient":""},"mobile":{"background-color":"var(--ast-global-color-4)","background-image":"","background-repeat":"repeat","background-position":"center center","background-size":"auto","background-attachment":"scroll","background-type":"","background-media":"","overlay-type":"","overlay-color":"","overlay-opacity":"","overlay-gradient":""}},"footnotes":""},"categories":[1],"tags":[],"class_list":["post-3742","post","type-post","status-publish","format-standard","hentry","category-sin-categoria"],"_links":{"self":[{"href":"https:\/\/aff.com.sv\/index.php\/wp-json\/wp\/v2\/posts\/3742","targetHints":{"allow":["GET"]}}],"collection":[{"href":"https:\/\/aff.com.sv\/index.php\/wp-json\/wp\/v2\/posts"}],"about":[{"href":"https:\/\/aff.com.sv\/index.php\/wp-json\/wp\/v2\/types\/post"}],"author":[{"embeddable":true,"href":"https:\/\/aff.com.sv\/index.php\/wp-json\/wp\/v2\/users\/1"}],"replies":[{"embeddable":true,"href":"https:\/\/aff.com.sv\/index.php\/wp-json\/wp\/v2\/comments?post=3742"}],"version-history":[{"count":1,"href":"https:\/\/aff.com.sv\/index.php\/wp-json\/wp\/v2\/posts\/3742\/revisions"}],"predecessor-version":[{"id":3743,"href":"https:\/\/aff.com.sv\/index.php\/wp-json\/wp\/v2\/posts\/3742\/revisions\/3743"}],"wp:attachment":[{"href":"https:\/\/aff.com.sv\/index.php\/wp-json\/wp\/v2\/media?parent=3742"}],"wp:term":[{"taxonomy":"category","embeddable":true,"href":"https:\/\/aff.com.sv\/index.php\/wp-json\/wp\/v2\/categories?post=3742"},{"taxonomy":"post_tag","embeddable":true,"href":"https:\/\/aff.com.sv\/index.php\/wp-json\/wp\/v2\/tags?post=3742"}],"curies":[{"name":"wp","href":"https:\/\/api.w.org\/{rel}","templated":true}]}}